{"id":24376,"date":"2026-03-13T10:24:50","date_gmt":"2026-03-13T09:24:50","guid":{"rendered":"https:\/\/balteschwiler.ch\/?p=24376"},"modified":"2026-03-13T10:27:31","modified_gmt":"2026-03-13T09:27:31","slug":"elements-modulaires-en-bois-pour-le-complexe-sportif-sportfabrique","status":"publish","type":"post","link":"https:\/\/balteschwiler.ch\/fr\/elements-modulaires-en-bois-pour-le-complexe-sportif-sportfabrique\/","title":{"rendered":"\u00c9l\u00e9ments modulaires en bois pour le complexe sportif \u00abSportfabrique\u00bb"},"content":{"rendered":"<div class=\"gb-container gb-container-63836849\"><div class=\"gb-inside-container\">\n<div class=\"gb-container gb-container-7c36fc81 loadondesktop\"><div class=\"gb-inside-container\">\n<div class=\"gb-grid-wrapper gb-grid-wrapper-bc07d650\">\n<div class=\"gb-grid-column gb-grid-column-a88ae227\"><div class=\"gb-container gb-container-a88ae227\"><div class=\"gb-inside-container\">\n\n<h1 class=\"gb-headline gb-headline-3bd06d79 gb-headline-text\">Modules de cages d\u2019ascenseur en CLT pour les halles multisports de Bienne<\/h1>\n\n<\/div><\/div><\/div>\n<\/div>\n<\/div><\/div>\n<\/div><\/div>\n\n<div class=\"gb-container gb-container-d18b80f4\"><div class=\"gb-inside-container\">\n\n<p>Avec les nouvelles halles multisports du quartier de Boujean \u00e0 Bienne, achev\u00e9es en 2025, un complexe sportif moderne a vu le jour. Il r\u00e9unit des infrastructures d\u2019entra\u00eenement et de comp\u00e9tition pour plusieurs disciplines, dont un centre national d\u2019entra\u00eenement pour l\u2019escalade sportive, des installations pour la gymnastique ainsi que plusieurs halles destin\u00e9es au sport scolaire et associatif. Enti\u00e8rement r\u00e9alis\u00e9 en construction bois, ce projet constitue une r\u00e9f\u00e9rence en mati\u00e8re d\u2019infrastructures sportives durables et efficientes sur le plan \u00e9nerg\u00e9tique en Suisse.<\/p>\n\n\n\n<p>Pour le compte de&nbsp;<strong>schaerholzbau ag<\/strong>,&nbsp;<strong>Balteschwiler AG<\/strong>&nbsp;a fourni des&nbsp;<strong>modules de cages d\u2019ascenseur pr\u00e9fabriqu\u00e9s en CLT (bois lamell\u00e9-crois\u00e9)<\/strong>. Les \u00e9l\u00e9ments ont \u00e9t\u00e9 rev\u00eatus en atelier de plaques&nbsp;<strong>Fermacell<\/strong>&nbsp;et con\u00e7us de mani\u00e8re \u00e0 ce que chaque module corresponde exactement \u00e0 la hauteur d\u2019un \u00e9tage. Sur le chantier, les modules ont \u00e9t\u00e9 assembl\u00e9s par empilement, permettant de r\u00e9aliser rapidement la cage d\u2019ascenseur compl\u00e8te.<\/p>\n\n\n\n<p>Outre la pr\u00e9fabrication pr\u00e9cise, Balteschwiler a \u00e9galement assur\u00e9 la&nbsp;<strong>logistique avec une livraison just-in-time<\/strong>, garantissant un d\u00e9roulement fluide du chantier.<\/p>\n\n\n\n<p><strong>Pour ce projet, nous avons fourni :<\/strong><br>\u2013 Modules de cages d\u2019ascenseur en CLT<br>\u2013 Rev\u00eatement Fermacell<br>\u2013 Livraison just-in-time sur le chantier<\/p>\n\n\n\n<p><strong>Vous planifiez des \u00e9l\u00e9ments modulaires en bois ou des composants complexes en CLT ? Contactez-nous \u2013 nous vous accompagnons avec une pr\u00e9fabrication pr\u00e9cise et une logistique fiable.<\/strong><\/p>\n\n\n\n<p><strong><a href=\"https:\/\/balteschwiler.ch\/wp-content\/uploads\/2024\/03\/Flyer_BigSize_4S_Panneau_330mm_Client-final-Brut_FR.pdf\" target=\"_blank\" rel=\"noreferrer noopener\"><\/a><strong><a href=\"https:\/\/balteschwiler.ch\/fr\/references\/centre-dusinage-modules-de-cages-dascenseur-en-clt-halles-multisports-de-bienne\/\" target=\"_blank\" rel=\"noreferrer noopener\">Lien vers la r\u00e9f\u00e9rence<\/a>\u00a0<\/strong><\/strong><\/p>\n\n\n\n<div style=\"height:68px\" aria-hidden=\"true\" class=\"wp-block-spacer\"><\/div>\n\n\n\t\t\t\t\t<div\n\t\t\t\t\t\tclass=\"wp-block-uagb-image-gallery uagb-block-65400835     \"\n\t\t\t\t\t\tstyle=\"\"\n\t\t\t\t\t>\n\t\t\t\t\t\t\t\t\t\t\t<div class=\"spectra-image-gallery spectra-image-gallery__layout--masonry spectra-image-gallery__layout--masonry-col-3 spectra-image-gallery__layout--masonry-col-tab-3 spectra-image-gallery__layout--masonry-col-mob-2\">\n\t\t\t\t\t\t\t\t\t\t\t<div class='spectra-image-gallery__media-wrapper--isotope'>\n\t\t\t\t\t\t\t<div class='spectra-image-gallery__media-wrapper' data-spectra-gallery-image-id='24350' tabindex=\"0\">\n\t\t\t\t\t\t\t<div class=\"spectra-image-gallery__media spectra-image-gallery__media--masonry\">\n\t\t\t\t<picture>\n\t\t\t\t\t<source media=\"(min-width: 1024px)\" srcset=\"https:\/\/balteschwiler.ch\/wp-content\/uploads\/2026\/03\/abbund-2024-liftschacht-multisporthalle-biel-8-1024x682.jpg\">\n\t\t\t\t\t<source media=\"(min-width: 768px)\" srcset=\"https:\/\/balteschwiler.ch\/wp-content\/uploads\/2026\/03\/abbund-2024-liftschacht-multisporthalle-biel-8-1024x682.jpg\">\n\t\t\t\t\t<img decoding=\"async\" class=\"spectra-image-gallery__media-thumbnail spectra-image-gallery__media-thumbnail--masonry\" src=\"https:\/\/balteschwiler.ch\/wp-content\/uploads\/2026\/03\/abbund-2024-liftschacht-multisporthalle-biel-8-300x200.jpg\" alt=\"\" loading=\"lazy\" \/>\n\t\t\t\t<\/picture>\n\t\t\t\t<div class=\"spectra-image-gallery__media-thumbnail-blurrer\"><\/div>\n\t\t\t\t\t\t\t\t\t\t\t<div class=\"spectra-image-gallery__media-thumbnail-caption-wrapper spectra-image-gallery__media-thumbnail-caption-wrapper--overlay\"><\/div>\n\t\t\t\t\t\t\t\t<\/div>\n\t\t\t\t\t\t<\/div>\n\t\t\t\t\t\t<\/div>\n\t\t\t\t\t\t<div class='spectra-image-gallery__media-wrapper--isotope'>\n\t\t\t\t\t\t\t<div class='spectra-image-gallery__media-wrapper' data-spectra-gallery-image-id='24348' tabindex=\"0\">\n\t\t\t\t\t\t\t<div class=\"spectra-image-gallery__media spectra-image-gallery__media--masonry\">\n\t\t\t\t<picture>\n\t\t\t\t\t<source media=\"(min-width: 1024px)\" srcset=\"https:\/\/balteschwiler.ch\/wp-content\/uploads\/2026\/03\/abbund-2024-liftschacht-multisporthalle-biel-7-683x1024.jpg\">\n\t\t\t\t\t<source media=\"(min-width: 768px)\" srcset=\"https:\/\/balteschwiler.ch\/wp-content\/uploads\/2026\/03\/abbund-2024-liftschacht-multisporthalle-biel-7-683x1024.jpg\">\n\t\t\t\t\t<img decoding=\"async\" class=\"spectra-image-gallery__media-thumbnail spectra-image-gallery__media-thumbnail--masonry\" src=\"https:\/\/balteschwiler.ch\/wp-content\/uploads\/2026\/03\/abbund-2024-liftschacht-multisporthalle-biel-7-200x300.jpg\" alt=\"\" loading=\"lazy\" \/>\n\t\t\t\t<\/picture>\n\t\t\t\t<div class=\"spectra-image-gallery__media-thumbnail-blurrer\"><\/div>\n\t\t\t\t\t\t\t\t\t\t\t<div class=\"spectra-image-gallery__media-thumbnail-caption-wrapper spectra-image-gallery__media-thumbnail-caption-wrapper--overlay\"><\/div>\n\t\t\t\t\t\t\t\t<\/div>\n\t\t\t\t\t\t<\/div>\n\t\t\t\t\t\t<\/div>\n\t\t\t\t\t\t<div class='spectra-image-gallery__media-wrapper--isotope'>\n\t\t\t\t\t\t\t<div class='spectra-image-gallery__media-wrapper' data-spectra-gallery-image-id='24346' tabindex=\"0\">\n\t\t\t\t\t\t\t<div class=\"spectra-image-gallery__media spectra-image-gallery__media--masonry\">\n\t\t\t\t<picture>\n\t\t\t\t\t<source media=\"(min-width: 1024px)\" srcset=\"https:\/\/balteschwiler.ch\/wp-content\/uploads\/2026\/03\/abbund-2024-liftschacht-multisporthalle-biel-6-1024x682.jpg\">\n\t\t\t\t\t<source media=\"(min-width: 768px)\" srcset=\"https:\/\/balteschwiler.ch\/wp-content\/uploads\/2026\/03\/abbund-2024-liftschacht-multisporthalle-biel-6-1024x682.jpg\">\n\t\t\t\t\t<img decoding=\"async\" class=\"spectra-image-gallery__media-thumbnail spectra-image-gallery__media-thumbnail--masonry\" src=\"https:\/\/balteschwiler.ch\/wp-content\/uploads\/2026\/03\/abbund-2024-liftschacht-multisporthalle-biel-6-300x200.jpg\" alt=\"\" loading=\"lazy\" \/>\n\t\t\t\t<\/picture>\n\t\t\t\t<div class=\"spectra-image-gallery__media-thumbnail-blurrer\"><\/div>\n\t\t\t\t\t\t\t\t\t\t\t<div class=\"spectra-image-gallery__media-thumbnail-caption-wrapper spectra-image-gallery__media-thumbnail-caption-wrapper--overlay\"><\/div>\n\t\t\t\t\t\t\t\t<\/div>\n\t\t\t\t\t\t<\/div>\n\t\t\t\t\t\t<\/div>\n\t\t\t\t\t\t<div class='spectra-image-gallery__media-wrapper--isotope'>\n\t\t\t\t\t\t\t<div class='spectra-image-gallery__media-wrapper' data-spectra-gallery-image-id='24344' tabindex=\"0\">\n\t\t\t\t\t\t\t<div class=\"spectra-image-gallery__media spectra-image-gallery__media--masonry\">\n\t\t\t\t<picture>\n\t\t\t\t\t<source media=\"(min-width: 1024px)\" srcset=\"https:\/\/balteschwiler.ch\/wp-content\/uploads\/2026\/03\/abbund-2024-liftschacht-multisporthalle-biel-5-1024x682.jpg\">\n\t\t\t\t\t<source media=\"(min-width: 768px)\" srcset=\"https:\/\/balteschwiler.ch\/wp-content\/uploads\/2026\/03\/abbund-2024-liftschacht-multisporthalle-biel-5-1024x682.jpg\">\n\t\t\t\t\t<img decoding=\"async\" class=\"spectra-image-gallery__media-thumbnail spectra-image-gallery__media-thumbnail--masonry\" src=\"https:\/\/balteschwiler.ch\/wp-content\/uploads\/2026\/03\/abbund-2024-liftschacht-multisporthalle-biel-5-300x200.jpg\" alt=\"\" loading=\"lazy\" \/>\n\t\t\t\t<\/picture>\n\t\t\t\t<div class=\"spectra-image-gallery__media-thumbnail-blurrer\"><\/div>\n\t\t\t\t\t\t\t\t\t\t\t<div class=\"spectra-image-gallery__media-thumbnail-caption-wrapper spectra-image-gallery__media-thumbnail-caption-wrapper--overlay\"><\/div>\n\t\t\t\t\t\t\t\t<\/div>\n\t\t\t\t\t\t<\/div>\n\t\t\t\t\t\t<\/div>\n\t\t\t\t\t\t<div class='spectra-image-gallery__media-wrapper--isotope'>\n\t\t\t\t\t\t\t<div class='spectra-image-gallery__media-wrapper' data-spectra-gallery-image-id='24342' tabindex=\"0\">\n\t\t\t\t\t\t\t<div class=\"spectra-image-gallery__media spectra-image-gallery__media--masonry\">\n\t\t\t\t<picture>\n\t\t\t\t\t<source media=\"(min-width: 1024px)\" srcset=\"https:\/\/balteschwiler.ch\/wp-content\/uploads\/2026\/03\/abbund-2024-liftschacht-multisporthalle-biel-4-682x1024.jpg\">\n\t\t\t\t\t<source media=\"(min-width: 768px)\" srcset=\"https:\/\/balteschwiler.ch\/wp-content\/uploads\/2026\/03\/abbund-2024-liftschacht-multisporthalle-biel-4-682x1024.jpg\">\n\t\t\t\t\t<img decoding=\"async\" class=\"spectra-image-gallery__media-thumbnail spectra-image-gallery__media-thumbnail--masonry\" src=\"https:\/\/balteschwiler.ch\/wp-content\/uploads\/2026\/03\/abbund-2024-liftschacht-multisporthalle-biel-4-200x300.jpg\" alt=\"\" loading=\"lazy\" \/>\n\t\t\t\t<\/picture>\n\t\t\t\t<div class=\"spectra-image-gallery__media-thumbnail-blurrer\"><\/div>\n\t\t\t\t\t\t\t\t\t\t\t<div class=\"spectra-image-gallery__media-thumbnail-caption-wrapper spectra-image-gallery__media-thumbnail-caption-wrapper--overlay\"><\/div>\n\t\t\t\t\t\t\t\t<\/div>\n\t\t\t\t\t\t<\/div>\n\t\t\t\t\t\t<\/div>\n\t\t\t\t\t\t<div class='spectra-image-gallery__media-wrapper--isotope'>\n\t\t\t\t\t\t\t<div class='spectra-image-gallery__media-wrapper' data-spectra-gallery-image-id='24340' tabindex=\"0\">\n\t\t\t\t\t\t\t<div class=\"spectra-image-gallery__media spectra-image-gallery__media--masonry\">\n\t\t\t\t<picture>\n\t\t\t\t\t<source media=\"(min-width: 1024px)\" srcset=\"https:\/\/balteschwiler.ch\/wp-content\/uploads\/2026\/03\/abbund-2024-liftschacht-multisporthalle-biel-3-1024x683.jpg\">\n\t\t\t\t\t<source media=\"(min-width: 768px)\" srcset=\"https:\/\/balteschwiler.ch\/wp-content\/uploads\/2026\/03\/abbund-2024-liftschacht-multisporthalle-biel-3-1024x683.jpg\">\n\t\t\t\t\t<img decoding=\"async\" class=\"spectra-image-gallery__media-thumbnail spectra-image-gallery__media-thumbnail--masonry\" src=\"https:\/\/balteschwiler.ch\/wp-content\/uploads\/2026\/03\/abbund-2024-liftschacht-multisporthalle-biel-3-300x200.jpg\" alt=\"\" loading=\"lazy\" \/>\n\t\t\t\t<\/picture>\n\t\t\t\t<div class=\"spectra-image-gallery__media-thumbnail-blurrer\"><\/div>\n\t\t\t\t\t\t\t\t\t\t\t<div class=\"spectra-image-gallery__media-thumbnail-caption-wrapper spectra-image-gallery__media-thumbnail-caption-wrapper--overlay\"><\/div>\n\t\t\t\t\t\t\t\t<\/div>\n\t\t\t\t\t\t<\/div>\n\t\t\t\t\t\t<\/div>\n\t\t\t\t\t\t<div class='spectra-image-gallery__media-wrapper--isotope'>\n\t\t\t\t\t\t\t<div class='spectra-image-gallery__media-wrapper' data-spectra-gallery-image-id='24338' tabindex=\"0\">\n\t\t\t\t\t\t\t<div class=\"spectra-image-gallery__media spectra-image-gallery__media--masonry\">\n\t\t\t\t<picture>\n\t\t\t\t\t<source media=\"(min-width: 1024px)\" srcset=\"https:\/\/balteschwiler.ch\/wp-content\/uploads\/2026\/03\/abbund-2024-liftschacht-multisporthalle-biel-2-1024x683.jpg\">\n\t\t\t\t\t<source media=\"(min-width: 768px)\" srcset=\"https:\/\/balteschwiler.ch\/wp-content\/uploads\/2026\/03\/abbund-2024-liftschacht-multisporthalle-biel-2-1024x683.jpg\">\n\t\t\t\t\t<img decoding=\"async\" class=\"spectra-image-gallery__media-thumbnail spectra-image-gallery__media-thumbnail--masonry\" src=\"https:\/\/balteschwiler.ch\/wp-content\/uploads\/2026\/03\/abbund-2024-liftschacht-multisporthalle-biel-2-300x200.jpg\" alt=\"\" loading=\"lazy\" \/>\n\t\t\t\t<\/picture>\n\t\t\t\t<div class=\"spectra-image-gallery__media-thumbnail-blurrer\"><\/div>\n\t\t\t\t\t\t\t\t\t\t\t<div class=\"spectra-image-gallery__media-thumbnail-caption-wrapper spectra-image-gallery__media-thumbnail-caption-wrapper--overlay\"><\/div>\n\t\t\t\t\t\t\t\t<\/div>\n\t\t\t\t\t\t<\/div>\n\t\t\t\t\t\t<\/div>\n\t\t\t\t\t\t<div class='spectra-image-gallery__media-wrapper--isotope'>\n\t\t\t\t\t\t\t<div class='spectra-image-gallery__media-wrapper' data-spectra-gallery-image-id='24336' tabindex=\"0\">\n\t\t\t\t\t\t\t<div class=\"spectra-image-gallery__media spectra-image-gallery__media--masonry\">\n\t\t\t\t<picture>\n\t\t\t\t\t<source media=\"(min-width: 1024px)\" srcset=\"https:\/\/balteschwiler.ch\/wp-content\/uploads\/2026\/03\/abbund-2024-liftschacht-multisporthalle-biel-1-1024x682.jpg\">\n\t\t\t\t\t<source media=\"(min-width: 768px)\" srcset=\"https:\/\/balteschwiler.ch\/wp-content\/uploads\/2026\/03\/abbund-2024-liftschacht-multisporthalle-biel-1-1024x682.jpg\">\n\t\t\t\t\t<img decoding=\"async\" class=\"spectra-image-gallery__media-thumbnail spectra-image-gallery__media-thumbnail--masonry\" src=\"https:\/\/balteschwiler.ch\/wp-content\/uploads\/2026\/03\/abbund-2024-liftschacht-multisporthalle-biel-1-300x200.jpg\" alt=\"\" loading=\"lazy\" \/>\n\t\t\t\t<\/picture>\n\t\t\t\t<div class=\"spectra-image-gallery__media-thumbnail-blurrer\"><\/div>\n\t\t\t\t\t\t\t\t\t\t\t<div class=\"spectra-image-gallery__media-thumbnail-caption-wrapper spectra-image-gallery__media-thumbnail-caption-wrapper--overlay\"><\/div>\n\t\t\t\t\t\t\t\t<\/div>\n\t\t\t\t\t\t<\/div>\n\t\t\t\t\t\t<\/div>\n\t\t\t\t\t\t\t\t\t\t<\/div>\n\t\t\t\t\t\t\t\t\t\t\t\t\t\t\t\t\t\t<\/div>\n\t\t\t\t\t\t\t\t\t\t\t<div class='spectra-image-gallery__control-lightbox' tabindex='0'>\n\t\t\t\t\t\t\t\t\t\t\t<div class=\"swiper spectra-image-gallery__control-lightbox--main\" dir=\"\">\n\t\t\t\t\t<div class=\"swiper-wrapper\">\n\t\t\t\t\t\t\t\t\t\t\t\t\t\n\t\t\t\t\t\t\t<div class=\"swiper-slide\">\n\t\t\t\t\t\t\t\t<img class=\"swiper-lazy\" data-src=\"https:\/\/balteschwiler.ch\/wp-content\/uploads\/2026\/03\/abbund-2024-liftschacht-multisporthalle-biel-8.jpg\" alt=\"\"\/>\n\t\t\t\t\t\t\t\t<div class=\"swiper-lazy-preloader swiper-lazy-preloader-white\"><\/div>\n\t\t\t\t\t\t\t\t\t\t\t\t\t\t\t<\/div>\n\t\t\t\t\t\t\t\t\t\t\t\t\t\n\t\t\t\t\t\t\t<div class=\"swiper-slide\">\n\t\t\t\t\t\t\t\t<img class=\"swiper-lazy\" data-src=\"https:\/\/balteschwiler.ch\/wp-content\/uploads\/2026\/03\/abbund-2024-liftschacht-multisporthalle-biel-7.jpg\" alt=\"\"\/>\n\t\t\t\t\t\t\t\t<div class=\"swiper-lazy-preloader swiper-lazy-preloader-white\"><\/div>\n\t\t\t\t\t\t\t\t\t\t\t\t\t\t\t<\/div>\n\t\t\t\t\t\t\t\t\t\t\t\t\t\n\t\t\t\t\t\t\t<div class=\"swiper-slide\">\n\t\t\t\t\t\t\t\t<img class=\"swiper-lazy\" data-src=\"https:\/\/balteschwiler.ch\/wp-content\/uploads\/2026\/03\/abbund-2024-liftschacht-multisporthalle-biel-6.jpg\" alt=\"\"\/>\n\t\t\t\t\t\t\t\t<div class=\"swiper-lazy-preloader swiper-lazy-preloader-white\"><\/div>\n\t\t\t\t\t\t\t\t\t\t\t\t\t\t\t<\/div>\n\t\t\t\t\t\t\t\t\t\t\t\t\t\n\t\t\t\t\t\t\t<div class=\"swiper-slide\">\n\t\t\t\t\t\t\t\t<img class=\"swiper-lazy\" data-src=\"https:\/\/balteschwiler.ch\/wp-content\/uploads\/2026\/03\/abbund-2024-liftschacht-multisporthalle-biel-5.jpg\" alt=\"\"\/>\n\t\t\t\t\t\t\t\t<div class=\"swiper-lazy-preloader swiper-lazy-preloader-white\"><\/div>\n\t\t\t\t\t\t\t\t\t\t\t\t\t\t\t<\/div>\n\t\t\t\t\t\t\t\t\t\t\t\t\t\n\t\t\t\t\t\t\t<div class=\"swiper-slide\">\n\t\t\t\t\t\t\t\t<img class=\"swiper-lazy\" data-src=\"https:\/\/balteschwiler.ch\/wp-content\/uploads\/2026\/03\/abbund-2024-liftschacht-multisporthalle-biel-4.jpg\" alt=\"\"\/>\n\t\t\t\t\t\t\t\t<div class=\"swiper-lazy-preloader swiper-lazy-preloader-white\"><\/div>\n\t\t\t\t\t\t\t\t\t\t\t\t\t\t\t<\/div>\n\t\t\t\t\t\t\t\t\t\t\t\t\t\n\t\t\t\t\t\t\t<div class=\"swiper-slide\">\n\t\t\t\t\t\t\t\t<img class=\"swiper-lazy\" data-src=\"https:\/\/balteschwiler.ch\/wp-content\/uploads\/2026\/03\/abbund-2024-liftschacht-multisporthalle-biel-3.jpg\" alt=\"\"\/>\n\t\t\t\t\t\t\t\t<div class=\"swiper-lazy-preloader swiper-lazy-preloader-white\"><\/div>\n\t\t\t\t\t\t\t\t\t\t\t\t\t\t\t<\/div>\n\t\t\t\t\t\t\t\t\t\t\t\t\t\n\t\t\t\t\t\t\t<div class=\"swiper-slide\">\n\t\t\t\t\t\t\t\t<img class=\"swiper-lazy\" data-src=\"https:\/\/balteschwiler.ch\/wp-content\/uploads\/2026\/03\/abbund-2024-liftschacht-multisporthalle-biel-2.jpg\" alt=\"\"\/>\n\t\t\t\t\t\t\t\t<div class=\"swiper-lazy-preloader swiper-lazy-preloader-white\"><\/div>\n\t\t\t\t\t\t\t\t\t\t\t\t\t\t\t<\/div>\n\t\t\t\t\t\t\t\t\t\t\t\t\t\n\t\t\t\t\t\t\t<div class=\"swiper-slide\">\n\t\t\t\t\t\t\t\t<img class=\"swiper-lazy\" data-src=\"https:\/\/balteschwiler.ch\/wp-content\/uploads\/2026\/03\/abbund-2024-liftschacht-multisporthalle-biel-1.jpg\" alt=\"\"\/>\n\t\t\t\t\t\t\t\t<div class=\"swiper-lazy-preloader swiper-lazy-preloader-white\"><\/div>\n\t\t\t\t\t\t\t\t\t\t\t\t\t\t\t<\/div>\n\t\t\t\t\t\t\t\t\t\t\t<\/div>\n\t\t\t\t\t<div class=\"swiper-button-next\"><\/div>\n\t\t\t\t\t<div class=\"swiper-button-prev\"><\/div>\n\t\t\t\t<\/div>\t\t\t\n\t\t\t\t\t\t\t\t\t\t\t\t\t\t\t\t\t\t\t\t\t\t\t\t\t\t\t\t\t\t\t\t<button class='spectra-image-gallery__control-lightbox--close' aria-label=\"Close\">\n\t\t\t\t\t\t\t\t\t\t\t\t\t<svg xmlns=\"https:\/\/www.w3.org\/2000\/svg\" viewBox= \"0 0 320 512\"><path d=\"M310.6 361.4c12.5 12.5 12.5 32.75 0 45.25C304.4 412.9 296.2 416 288 416s-16.38-3.125-22.62-9.375L160 301.3L54.63 406.6C48.38 412.9 40.19 416 32 416S15.63 412.9 9.375 406.6c-12.5-12.5-12.5-32.75 0-45.25l105.4-105.4L9.375 150.6c-12.5-12.5-12.5-32.75 0-45.25s32.75-12.5 45.25 0L160 210.8l105.4-105.4c12.5-12.5 32.75-12.5 45.25 0s12.5 32.75 0 45.25l-105.4 105.4L310.6 361.4z\"><\/path><\/svg>\n\t\t\t\t\t\t\t\t\t\t\t\t<\/button>\n\t\t\t\t\t\t\t\t\t\t\t\t\t<\/div>\n\t\t\t\t\t\t\t\t\t\n\n\n<div style=\"height:68px\" aria-hidden=\"true\" class=\"wp-block-spacer\"><\/div>\n\n\n<div class=\"gb-container gb-container-dd13724e\">\n<div class=\"gb-button-wrapper gb-button-wrapper-f593acea\">\n\n<a class=\"gb-button gb-button-fcec3e87 gb-button-text button-border-none\" href=\"https:\/\/balteschwiler.ch\/fr\/entreprise\/fr-kontakt\/\">Contact<\/a>\n\n<\/div>\n<\/div>\n<\/div><\/div>\n\n\n<div style=\"height:68px\" aria-hidden=\"true\" class=\"wp-block-spacer\"><\/div>\n","protected":false},"excerpt":{"rendered":"<p>Avec les nouvelles halles multisports du quartier de Boujean \u00e0 Bienne, achev\u00e9es en 2025, un complexe sportif moderne a vu le jour. Il r\u00e9unit des infrastructures d\u2019entra\u00eenement et de comp\u00e9tition &#8230; <a title=\"\u00c9l\u00e9ments modulaires en bois pour le complexe sportif \u00abSportfabrique\u00bb\" class=\"read-more\" href=\"https:\/\/balteschwiler.ch\/fr\/elements-modulaires-en-bois-pour-le-complexe-sportif-sportfabrique\/\" aria-label=\"En savoir plus sur \u00c9l\u00e9ments modulaires en bois pour le complexe sportif \u00abSportfabrique\u00bb\">Mehr<\/a><\/p>\n","protected":false},"author":3,"featured_media":24379,"comment_status":"closed","ping_status":"closed","sticky":false,"template":"","format":"standard","meta":{"_acf_changed":false,"inline_featured_image":false,"_uag_custom_page_level_css":"","footnotes":""},"categories":[53],"tags":[],"class_list":["post-24376","post","type-post","status-publish","format-standard","has-post-thumbnail","hentry","category-actuel"],"acf":[],"yoast_head":"<!-- This site is optimized with the Yoast SEO plugin v27.4 - https:\/\/yoast.com\/product\/yoast-seo-wordpress\/ -->\n<title>Balteschwiler AG Kebony remplace la c\u00e9ramique - le confort pieds nus avec vue<\/title>\n<meta name=\"description\" content=\"Une maison individuelle avec une vue spectaculaire sur le lac de Bienne - et deux grandes terrasses qui n&#039;\u00e9taient gu\u00e8re utilis\u00e9es auparavant\" \/>\n<meta name=\"robots\" content=\"index, follow, max-snippet:-1, max-image-preview:large, max-video-preview:-1\" \/>\n<link rel=\"canonical\" href=\"https:\/\/balteschwiler.ch\/fr\/elements-modulaires-en-bois-pour-le-complexe-sportif-sportfabrique\/\" \/>\n<meta property=\"og:locale\" content=\"fr_FR\" \/>\n<meta property=\"og:type\" content=\"article\" \/>\n<meta property=\"og:title\" content=\"Balteschwiler AG Kebony remplace la c\u00e9ramique - le confort pieds nus avec vue\" \/>\n<meta property=\"og:description\" content=\"Une maison individuelle avec une vue spectaculaire sur le lac de Bienne - et deux grandes terrasses qui n&#039;\u00e9taient gu\u00e8re utilis\u00e9es auparavant\" \/>\n<meta property=\"og:url\" content=\"https:\/\/balteschwiler.ch\/fr\/elements-modulaires-en-bois-pour-le-complexe-sportif-sportfabrique\/\" \/>\n<meta property=\"og:site_name\" content=\"Balteschwiler AG\" \/>\n<meta property=\"article:publisher\" content=\"https:\/\/www.facebook.com\/balteschwiler\" \/>\n<meta property=\"article:published_time\" content=\"2026-03-13T09:24:50+00:00\" \/>\n<meta property=\"article:modified_time\" content=\"2026-03-13T09:27:31+00:00\" \/>\n<meta property=\"og:image\" content=\"https:\/\/balteschwiler.ch\/wp-content\/uploads\/2026\/03\/beitragsbild-multisporthalle-biel.jpg\" \/>\n\t<meta property=\"og:image:width\" content=\"1200\" \/>\n\t<meta property=\"og:image:height\" content=\"800\" \/>\n\t<meta property=\"og:image:type\" content=\"image\/jpeg\" \/>\n<meta name=\"author\" content=\"Franziska H\u00e4nni\" \/>\n<meta name=\"twitter:card\" content=\"summary_large_image\" \/>\n<meta name=\"twitter:label1\" content=\"\u00c9crit par\" \/>\n\t<meta name=\"twitter:data1\" content=\"Franziska H\u00e4nni\" \/>\n\t<meta name=\"twitter:label2\" content=\"Dur\u00e9e de lecture estim\u00e9e\" \/>\n\t<meta name=\"twitter:data2\" content=\"2 minutes\" \/>\n<script type=\"application\/ld+json\" class=\"yoast-schema-graph\">{\"@context\":\"https:\\\/\\\/schema.org\",\"@graph\":[{\"@type\":\"Article\",\"@id\":\"https:\\\/\\\/balteschwiler.ch\\\/fr\\\/elements-modulaires-en-bois-pour-le-complexe-sportif-sportfabrique\\\/#article\",\"isPartOf\":{\"@id\":\"https:\\\/\\\/balteschwiler.ch\\\/fr\\\/elements-modulaires-en-bois-pour-le-complexe-sportif-sportfabrique\\\/\"},\"author\":{\"name\":\"Franziska H\u00e4nni\",\"@id\":\"https:\\\/\\\/balteschwiler.ch\\\/#\\\/schema\\\/person\\\/4c3c277b88e80b89ca78418b580ef52a\"},\"headline\":\"\u00c9l\u00e9ments modulaires en bois pour le complexe sportif \u00abSportfabrique\u00bb\",\"datePublished\":\"2026-03-13T09:24:50+00:00\",\"dateModified\":\"2026-03-13T09:27:31+00:00\",\"mainEntityOfPage\":{\"@id\":\"https:\\\/\\\/balteschwiler.ch\\\/fr\\\/elements-modulaires-en-bois-pour-le-complexe-sportif-sportfabrique\\\/\"},\"wordCount\":277,\"publisher\":{\"@id\":\"https:\\\/\\\/balteschwiler.ch\\\/#organization\"},\"image\":{\"@id\":\"https:\\\/\\\/balteschwiler.ch\\\/fr\\\/elements-modulaires-en-bois-pour-le-complexe-sportif-sportfabrique\\\/#primaryimage\"},\"thumbnailUrl\":\"https:\\\/\\\/balteschwiler.ch\\\/wp-content\\\/uploads\\\/2026\\\/03\\\/beitragsbild-multisporthalle-biel.jpg\",\"articleSection\":[\"Actuel\"],\"inLanguage\":\"fr-FR\"},{\"@type\":\"WebPage\",\"@id\":\"https:\\\/\\\/balteschwiler.ch\\\/fr\\\/elements-modulaires-en-bois-pour-le-complexe-sportif-sportfabrique\\\/\",\"url\":\"https:\\\/\\\/balteschwiler.ch\\\/fr\\\/elements-modulaires-en-bois-pour-le-complexe-sportif-sportfabrique\\\/\",\"name\":\"Balteschwiler AG Kebony remplace la c\u00e9ramique - le confort pieds nus avec vue\",\"isPartOf\":{\"@id\":\"https:\\\/\\\/balteschwiler.ch\\\/#website\"},\"primaryImageOfPage\":{\"@id\":\"https:\\\/\\\/balteschwiler.ch\\\/fr\\\/elements-modulaires-en-bois-pour-le-complexe-sportif-sportfabrique\\\/#primaryimage\"},\"image\":{\"@id\":\"https:\\\/\\\/balteschwiler.ch\\\/fr\\\/elements-modulaires-en-bois-pour-le-complexe-sportif-sportfabrique\\\/#primaryimage\"},\"thumbnailUrl\":\"https:\\\/\\\/balteschwiler.ch\\\/wp-content\\\/uploads\\\/2026\\\/03\\\/beitragsbild-multisporthalle-biel.jpg\",\"datePublished\":\"2026-03-13T09:24:50+00:00\",\"dateModified\":\"2026-03-13T09:27:31+00:00\",\"description\":\"Une maison individuelle avec une vue spectaculaire sur le lac de Bienne - et deux grandes terrasses qui n'\u00e9taient gu\u00e8re utilis\u00e9es auparavant\",\"inLanguage\":\"fr-FR\",\"potentialAction\":[{\"@type\":\"ReadAction\",\"target\":[\"https:\\\/\\\/balteschwiler.ch\\\/fr\\\/elements-modulaires-en-bois-pour-le-complexe-sportif-sportfabrique\\\/\"]}]},{\"@type\":\"ImageObject\",\"inLanguage\":\"fr-FR\",\"@id\":\"https:\\\/\\\/balteschwiler.ch\\\/fr\\\/elements-modulaires-en-bois-pour-le-complexe-sportif-sportfabrique\\\/#primaryimage\",\"url\":\"https:\\\/\\\/balteschwiler.ch\\\/wp-content\\\/uploads\\\/2026\\\/03\\\/beitragsbild-multisporthalle-biel.jpg\",\"contentUrl\":\"https:\\\/\\\/balteschwiler.ch\\\/wp-content\\\/uploads\\\/2026\\\/03\\\/beitragsbild-multisporthalle-biel.jpg\",\"width\":1200,\"height\":800},{\"@type\":\"WebSite\",\"@id\":\"https:\\\/\\\/balteschwiler.ch\\\/#website\",\"url\":\"https:\\\/\\\/balteschwiler.ch\\\/\",\"name\":\"Balteschwiler AG\",\"description\":\"\",\"publisher\":{\"@id\":\"https:\\\/\\\/balteschwiler.ch\\\/#organization\"},\"potentialAction\":[{\"@type\":\"SearchAction\",\"target\":{\"@type\":\"EntryPoint\",\"urlTemplate\":\"https:\\\/\\\/balteschwiler.ch\\\/?s={search_term_string}\"},\"query-input\":{\"@type\":\"PropertyValueSpecification\",\"valueRequired\":true,\"valueName\":\"search_term_string\"}}],\"inLanguage\":\"fr-FR\"},{\"@type\":\"Organization\",\"@id\":\"https:\\\/\\\/balteschwiler.ch\\\/#organization\",\"name\":\"Balteschwiler AG\",\"url\":\"https:\\\/\\\/balteschwiler.ch\\\/\",\"logo\":{\"@type\":\"ImageObject\",\"inLanguage\":\"fr-FR\",\"@id\":\"https:\\\/\\\/balteschwiler.ch\\\/#\\\/schema\\\/logo\\\/image\\\/\",\"url\":\"https:\\\/\\\/balteschwiler.ch\\\/wp-content\\\/uploads\\\/2022\\\/09\\\/rz_BAL_Logo_d_rgb.png\",\"contentUrl\":\"https:\\\/\\\/balteschwiler.ch\\\/wp-content\\\/uploads\\\/2022\\\/09\\\/rz_BAL_Logo_d_rgb.png\",\"width\":1182,\"height\":224,\"caption\":\"Balteschwiler AG\"},\"image\":{\"@id\":\"https:\\\/\\\/balteschwiler.ch\\\/#\\\/schema\\\/logo\\\/image\\\/\"},\"sameAs\":[\"https:\\\/\\\/www.facebook.com\\\/balteschwiler\"]},{\"@type\":\"Person\",\"@id\":\"https:\\\/\\\/balteschwiler.ch\\\/#\\\/schema\\\/person\\\/4c3c277b88e80b89ca78418b580ef52a\",\"name\":\"Franziska H\u00e4nni\",\"image\":{\"@type\":\"ImageObject\",\"inLanguage\":\"fr-FR\",\"@id\":\"https:\\\/\\\/secure.gravatar.com\\\/avatar\\\/a8b29d2779d9def6e1fde2dff9271ef94209059e01929bcd65898c40955c54b7?s=96&d=mm&r=g\",\"url\":\"https:\\\/\\\/secure.gravatar.com\\\/avatar\\\/a8b29d2779d9def6e1fde2dff9271ef94209059e01929bcd65898c40955c54b7?s=96&d=mm&r=g\",\"contentUrl\":\"https:\\\/\\\/secure.gravatar.com\\\/avatar\\\/a8b29d2779d9def6e1fde2dff9271ef94209059e01929bcd65898c40955c54b7?s=96&d=mm&r=g\",\"caption\":\"Franziska H\u00e4nni\"},\"url\":\"https:\\\/\\\/balteschwiler.ch\\\/fr\\\/author\\\/f-haenni\\\/\"}]}<\/script>\n<!-- \/ Yoast SEO plugin. -->","yoast_head_json":{"title":"Balteschwiler AG Kebony remplace la c\u00e9ramique - le confort pieds nus avec vue","description":"Une maison individuelle avec une vue spectaculaire sur le lac de Bienne - et deux grandes terrasses qui n'\u00e9taient gu\u00e8re utilis\u00e9es auparavant","robots":{"index":"index","follow":"follow","max-snippet":"max-snippet:-1","max-image-preview":"max-image-preview:large","max-video-preview":"max-video-preview:-1"},"canonical":"https:\/\/balteschwiler.ch\/fr\/elements-modulaires-en-bois-pour-le-complexe-sportif-sportfabrique\/","og_locale":"fr_FR","og_type":"article","og_title":"Balteschwiler AG Kebony remplace la c\u00e9ramique - le confort pieds nus avec vue","og_description":"Une maison individuelle avec une vue spectaculaire sur le lac de Bienne - et deux grandes terrasses qui n'\u00e9taient gu\u00e8re utilis\u00e9es auparavant","og_url":"https:\/\/balteschwiler.ch\/fr\/elements-modulaires-en-bois-pour-le-complexe-sportif-sportfabrique\/","og_site_name":"Balteschwiler AG","article_publisher":"https:\/\/www.facebook.com\/balteschwiler","article_published_time":"2026-03-13T09:24:50+00:00","article_modified_time":"2026-03-13T09:27:31+00:00","og_image":[{"width":1200,"height":800,"url":"https:\/\/balteschwiler.ch\/wp-content\/uploads\/2026\/03\/beitragsbild-multisporthalle-biel.jpg","type":"image\/jpeg"}],"author":"Franziska H\u00e4nni","twitter_card":"summary_large_image","twitter_misc":{"\u00c9crit par":"Franziska H\u00e4nni","Dur\u00e9e de lecture estim\u00e9e":"2 minutes"},"schema":{"@context":"https:\/\/schema.org","@graph":[{"@type":"Article","@id":"https:\/\/balteschwiler.ch\/fr\/elements-modulaires-en-bois-pour-le-complexe-sportif-sportfabrique\/#article","isPartOf":{"@id":"https:\/\/balteschwiler.ch\/fr\/elements-modulaires-en-bois-pour-le-complexe-sportif-sportfabrique\/"},"author":{"name":"Franziska H\u00e4nni","@id":"https:\/\/balteschwiler.ch\/#\/schema\/person\/4c3c277b88e80b89ca78418b580ef52a"},"headline":"\u00c9l\u00e9ments modulaires en bois pour le complexe sportif \u00abSportfabrique\u00bb","datePublished":"2026-03-13T09:24:50+00:00","dateModified":"2026-03-13T09:27:31+00:00","mainEntityOfPage":{"@id":"https:\/\/balteschwiler.ch\/fr\/elements-modulaires-en-bois-pour-le-complexe-sportif-sportfabrique\/"},"wordCount":277,"publisher":{"@id":"https:\/\/balteschwiler.ch\/#organization"},"image":{"@id":"https:\/\/balteschwiler.ch\/fr\/elements-modulaires-en-bois-pour-le-complexe-sportif-sportfabrique\/#primaryimage"},"thumbnailUrl":"https:\/\/balteschwiler.ch\/wp-content\/uploads\/2026\/03\/beitragsbild-multisporthalle-biel.jpg","articleSection":["Actuel"],"inLanguage":"fr-FR"},{"@type":"WebPage","@id":"https:\/\/balteschwiler.ch\/fr\/elements-modulaires-en-bois-pour-le-complexe-sportif-sportfabrique\/","url":"https:\/\/balteschwiler.ch\/fr\/elements-modulaires-en-bois-pour-le-complexe-sportif-sportfabrique\/","name":"Balteschwiler AG Kebony remplace la c\u00e9ramique - le confort pieds nus avec vue","isPartOf":{"@id":"https:\/\/balteschwiler.ch\/#website"},"primaryImageOfPage":{"@id":"https:\/\/balteschwiler.ch\/fr\/elements-modulaires-en-bois-pour-le-complexe-sportif-sportfabrique\/#primaryimage"},"image":{"@id":"https:\/\/balteschwiler.ch\/fr\/elements-modulaires-en-bois-pour-le-complexe-sportif-sportfabrique\/#primaryimage"},"thumbnailUrl":"https:\/\/balteschwiler.ch\/wp-content\/uploads\/2026\/03\/beitragsbild-multisporthalle-biel.jpg","datePublished":"2026-03-13T09:24:50+00:00","dateModified":"2026-03-13T09:27:31+00:00","description":"Une maison individuelle avec une vue spectaculaire sur le lac de Bienne - et deux grandes terrasses qui n'\u00e9taient gu\u00e8re utilis\u00e9es auparavant","inLanguage":"fr-FR","potentialAction":[{"@type":"ReadAction","target":["https:\/\/balteschwiler.ch\/fr\/elements-modulaires-en-bois-pour-le-complexe-sportif-sportfabrique\/"]}]},{"@type":"ImageObject","inLanguage":"fr-FR","@id":"https:\/\/balteschwiler.ch\/fr\/elements-modulaires-en-bois-pour-le-complexe-sportif-sportfabrique\/#primaryimage","url":"https:\/\/balteschwiler.ch\/wp-content\/uploads\/2026\/03\/beitragsbild-multisporthalle-biel.jpg","contentUrl":"https:\/\/balteschwiler.ch\/wp-content\/uploads\/2026\/03\/beitragsbild-multisporthalle-biel.jpg","width":1200,"height":800},{"@type":"WebSite","@id":"https:\/\/balteschwiler.ch\/#website","url":"https:\/\/balteschwiler.ch\/","name":"Balteschwiler AG","description":"","publisher":{"@id":"https:\/\/balteschwiler.ch\/#organization"},"potentialAction":[{"@type":"SearchAction","target":{"@type":"EntryPoint","urlTemplate":"https:\/\/balteschwiler.ch\/?s={search_term_string}"},"query-input":{"@type":"PropertyValueSpecification","valueRequired":true,"valueName":"search_term_string"}}],"inLanguage":"fr-FR"},{"@type":"Organization","@id":"https:\/\/balteschwiler.ch\/#organization","name":"Balteschwiler AG","url":"https:\/\/balteschwiler.ch\/","logo":{"@type":"ImageObject","inLanguage":"fr-FR","@id":"https:\/\/balteschwiler.ch\/#\/schema\/logo\/image\/","url":"https:\/\/balteschwiler.ch\/wp-content\/uploads\/2022\/09\/rz_BAL_Logo_d_rgb.png","contentUrl":"https:\/\/balteschwiler.ch\/wp-content\/uploads\/2022\/09\/rz_BAL_Logo_d_rgb.png","width":1182,"height":224,"caption":"Balteschwiler AG"},"image":{"@id":"https:\/\/balteschwiler.ch\/#\/schema\/logo\/image\/"},"sameAs":["https:\/\/www.facebook.com\/balteschwiler"]},{"@type":"Person","@id":"https:\/\/balteschwiler.ch\/#\/schema\/person\/4c3c277b88e80b89ca78418b580ef52a","name":"Franziska H\u00e4nni","image":{"@type":"ImageObject","inLanguage":"fr-FR","@id":"https:\/\/secure.gravatar.com\/avatar\/a8b29d2779d9def6e1fde2dff9271ef94209059e01929bcd65898c40955c54b7?s=96&d=mm&r=g","url":"https:\/\/secure.gravatar.com\/avatar\/a8b29d2779d9def6e1fde2dff9271ef94209059e01929bcd65898c40955c54b7?s=96&d=mm&r=g","contentUrl":"https:\/\/secure.gravatar.com\/avatar\/a8b29d2779d9def6e1fde2dff9271ef94209059e01929bcd65898c40955c54b7?s=96&d=mm&r=g","caption":"Franziska H\u00e4nni"},"url":"https:\/\/balteschwiler.ch\/fr\/author\/f-haenni\/"}]}},"uagb_featured_image_src":{"full":["https:\/\/balteschwiler.ch\/wp-content\/uploads\/2026\/03\/beitragsbild-multisporthalle-biel.jpg",1200,800,false],"thumbnail":["https:\/\/balteschwiler.ch\/wp-content\/uploads\/2026\/03\/beitragsbild-multisporthalle-biel-150x150.jpg",150,150,true],"medium":["https:\/\/balteschwiler.ch\/wp-content\/uploads\/2026\/03\/beitragsbild-multisporthalle-biel-300x200.jpg",300,200,true],"medium_large":["https:\/\/balteschwiler.ch\/wp-content\/uploads\/2026\/03\/beitragsbild-multisporthalle-biel-768x512.jpg",768,512,true],"large":["https:\/\/balteschwiler.ch\/wp-content\/uploads\/2026\/03\/beitragsbild-multisporthalle-biel-1024x683.jpg",1024,683,true],"1536x1536":["https:\/\/balteschwiler.ch\/wp-content\/uploads\/2026\/03\/beitragsbild-multisporthalle-biel.jpg",1200,800,false],"2048x2048":["https:\/\/balteschwiler.ch\/wp-content\/uploads\/2026\/03\/beitragsbild-multisporthalle-biel.jpg",1200,800,false],"gform-image-choice-sm":["https:\/\/balteschwiler.ch\/wp-content\/uploads\/2026\/03\/beitragsbild-multisporthalle-biel.jpg",300,200,false],"gform-image-choice-md":["https:\/\/balteschwiler.ch\/wp-content\/uploads\/2026\/03\/beitragsbild-multisporthalle-biel.jpg",400,267,false],"gform-image-choice-lg":["https:\/\/balteschwiler.ch\/wp-content\/uploads\/2026\/03\/beitragsbild-multisporthalle-biel.jpg",600,400,false]},"uagb_author_info":{"display_name":"Franziska H\u00e4nni","author_link":"https:\/\/balteschwiler.ch\/fr\/author\/f-haenni\/"},"uagb_comment_info":0,"uagb_excerpt":"Avec les nouvelles halles multisports du quartier de Boujean \u00e0 Bienne, achev\u00e9es en 2025, un complexe sportif moderne a vu le jour. Il r\u00e9unit des infrastructures d\u2019entra\u00eenement et de comp\u00e9tition ... Mehr","_links":{"self":[{"href":"https:\/\/balteschwiler.ch\/fr\/wp-json\/wp\/v2\/posts\/24376","targetHints":{"allow":["GET"]}}],"collection":[{"href":"https:\/\/balteschwiler.ch\/fr\/wp-json\/wp\/v2\/posts"}],"about":[{"href":"https:\/\/balteschwiler.ch\/fr\/wp-json\/wp\/v2\/types\/post"}],"author":[{"embeddable":true,"href":"https:\/\/balteschwiler.ch\/fr\/wp-json\/wp\/v2\/users\/3"}],"replies":[{"embeddable":true,"href":"https:\/\/balteschwiler.ch\/fr\/wp-json\/wp\/v2\/comments?post=24376"}],"version-history":[{"count":1,"href":"https:\/\/balteschwiler.ch\/fr\/wp-json\/wp\/v2\/posts\/24376\/revisions"}],"predecessor-version":[{"id":24382,"href":"https:\/\/balteschwiler.ch\/fr\/wp-json\/wp\/v2\/posts\/24376\/revisions\/24382"}],"wp:featuredmedia":[{"embeddable":true,"href":"https:\/\/balteschwiler.ch\/fr\/wp-json\/wp\/v2\/media\/24379"}],"wp:attachment":[{"href":"https:\/\/balteschwiler.ch\/fr\/wp-json\/wp\/v2\/media?parent=24376"}],"wp:term":[{"taxonomy":"category","embeddable":true,"href":"https:\/\/balteschwiler.ch\/fr\/wp-json\/wp\/v2\/categories?post=24376"},{"taxonomy":"post_tag","embeddable":true,"href":"https:\/\/balteschwiler.ch\/fr\/wp-json\/wp\/v2\/tags?post=24376"}],"curies":[{"name":"wp","href":"https:\/\/api.w.org\/{rel}","templated":true}]}}